{"id":2399,"date":"2026-01-28T17:34:36","date_gmt":"2026-01-28T17:34:36","guid":{"rendered":"https:\/\/clubalianzasullana.com\/?p=2399"},"modified":"2026-01-28T17:35:22","modified_gmt":"2026-01-28T17:35:22","slug":"lcc2026","status":"publish","type":"post","link":"https:\/\/clubalianzasullana.com\/?p=2399","title":{"rendered":"Alianza Atl\u00e9tico y el sector salud renuevan alianza en favor del bienestar de la poblaci\u00f3n"},"content":{"rendered":"\n<p class=\"wp-block-paragraph\">La Asociaci\u00f3n Deportiva Alianza Atl\u00e9tico Sullana renov\u00f3 el Convenio de Cooperaci\u00f3n Interinstitucional con la Direcci\u00f3n Sub Regional de Salud Luciano Castillo Colonna, reafirmando su compromiso con la promoci\u00f3n de la salud, la prevenci\u00f3n de enfermedades y el bienestar integral de la comunidad.<\/p>\n\n\n\n<figure class=\"wp-block-image size-large\"><img fetchpriority=\"high\" fetchpriority=\"high\" decoding=\"async\" width=\"1024\" height=\"682\" src=\"https:\/\/clubalianzasullana.com\/wp-content\/uploads\/2026\/01\/WhatsApp-Image-2026-01-19-at-4.10.26-PM-1-1024x682.jpeg\" alt=\"\" class=\"wp-image-2403\" srcset=\"https:\/\/clubalianzasullana.com\/wp-content\/uploads\/2026\/01\/WhatsApp-Image-2026-01-19-at-4.10.26-PM-1-1024x682.jpeg 1024w, https:\/\/clubalianzasullana.com\/wp-content\/uploads\/2026\/01\/WhatsApp-Image-2026-01-19-at-4.10.26-PM-1-300x200.jpeg 300w, https:\/\/clubalianzasullana.com\/wp-content\/uploads\/2026\/01\/WhatsApp-Image-2026-01-19-at-4.10.26-PM-1-768x512.jpeg 768w, https:\/\/clubalianzasullana.com\/wp-content\/uploads\/2026\/01\/WhatsApp-Image-2026-01-19-at-4.10.26-PM-1.jpeg 1280w\" sizes=\"(max-width: 1024px) 100vw, 1024px\" \/><\/figure>\n\n\n\n<p class=\"wp-block-paragraph\">A trav\u00e9s de esta importante alianza, el club se suma activamente a las acciones orientadas a ampliar el acceso a la informaci\u00f3n y a los servicios de salud, mediante la difusi\u00f3n de material educativo y el desarrollo de campa\u00f1as comunicacionales dirigidas a la poblaci\u00f3n en general.<\/p>\n\n\n\n<p class=\"wp-block-paragraph\">Como parte del convenio, Alianza Atl\u00e9tico Sullana participar\u00e1 con su plantel profesional y comando t\u00e9cnico en diversas actividades de sensibilizaci\u00f3n, activaciones y lanzamientos de campa\u00f1as, as\u00ed como en acciones durante los encuentros deportivos que se disputen en condici\u00f3n de local, utilizando el f\u00fatbol como una plataforma de impacto social para promover h\u00e1bitos de vida saludables.<\/p>\n\n\n\n<figure class=\"wp-block-image size-large\"><img decoding=\"async\" width=\"1024\" height=\"682\" src=\"https:\/\/clubalianzasullana.com\/wp-content\/uploads\/2026\/01\/WhatsApp-Image-2026-01-19-at-4.10.27-PM-4-1024x682.jpeg\" alt=\"\" class=\"wp-image-2404\" srcset=\"https:\/\/clubalianzasullana.com\/wp-content\/uploads\/2026\/01\/WhatsApp-Image-2026-01-19-at-4.10.27-PM-4-1024x682.jpeg 1024w, https:\/\/clubalianzasullana.com\/wp-content\/uploads\/2026\/01\/WhatsApp-Image-2026-01-19-at-4.10.27-PM-4-300x200.jpeg 300w, https:\/\/clubalianzasullana.com\/wp-content\/uploads\/2026\/01\/WhatsApp-Image-2026-01-19-at-4.10.27-PM-4-768x512.jpeg 768w, https:\/\/clubalianzasullana.com\/wp-content\/uploads\/2026\/01\/WhatsApp-Image-2026-01-19-at-4.10.27-PM-4.jpeg 1280w\" sizes=\"(max-width: 1024px) 100vw, 1024px\" \/><\/figure>\n\n\n\n<p class=\"wp-block-paragraph\">La renovaci\u00f3n del acuerdo fue suscrita por el director general de la Direcci\u00f3n Sub Regional de Salud Luciano Castillo Colonna, m\u00e9dico Eduardo \u00c1lvarez Delgado, y el vicepresidente de la Asociaci\u00f3n Deportiva Alianza Atl\u00e9tico Sullana, m\u00e9dico oftalm\u00f3logo Jorge Noblecilla Baca. Asimismo, estuvo presente el gerente general (e) del club, contador Alexander Zapata Ru\u00edz, reafirmando el compromiso institucional del Vendaval con la salud p\u00fablica.<\/p>\n\n\n\n<p class=\"wp-block-paragraph\">Desde Alianza Atl\u00e9tico Sullana, creemos firmemente en el deporte como una herramienta de transformaci\u00f3n social. Esta alianza fortalece nuestro rol como instituci\u00f3n comprometida con la comunidad, permiti\u00e9ndonos contribuir activamente a la promoci\u00f3n de estilos de vida saludables y al cuidado de la salud de nuestra poblaci\u00f3n.<\/p>\n","protected":false},"excerpt":{"rendered":"<p>La Asociaci\u00f3n Deportiva Alianza Atl\u00e9tico Sullana renov\u00f3 el Convenio de Cooperaci\u00f3n Interinstitucional con la Direcci\u00f3n Sub Regional de Salud Luciano Castillo Colonna, reafirmando su compromiso con la promoci\u00f3n de la salud, la prevenci\u00f3n de enfermedades y el bienestar integral de la comunidad. A trav\u00e9s de esta importante alianza, el club se suma activamente a las [&hellip;]<\/p>\n","protected":false},"author":1,"featured_media":2402,"comment_status":"open","ping_status":"open","sticky":false,"template":"","format":"standard","meta":{"_acf_changed":false,"footnotes":""},"categories":[1],"tags":[],"class_list":["post-2399","post","type-post","status-publish","format-standard","has-post-thumbnail","hentry","category-uncategorized"],"acf":[],"_links":{"self":[{"href":"https:\/\/clubalianzasullana.com\/index.php?rest_route=\/wp\/v2\/posts\/2399","targetHints":{"allow":["GET"]}}],"collection":[{"href":"https:\/\/clubalianzasullana.com\/index.php?rest_route=\/wp\/v2\/posts"}],"about":[{"href":"https:\/\/clubalianzasullana.com\/index.php?rest_route=\/wp\/v2\/types\/post"}],"author":[{"embeddable":true,"href":"https:\/\/clubalianzasullana.com\/index.php?rest_route=\/wp\/v2\/users\/1"}],"replies":[{"embeddable":true,"href":"https:\/\/clubalianzasullana.com\/index.php?rest_route=%2Fwp%2Fv2%2Fcomments&post=2399"}],"version-history":[{"count":1,"href":"https:\/\/clubalianzasullana.com\/index.php?rest_route=\/wp\/v2\/posts\/2399\/revisions"}],"predecessor-version":[{"id":2407,"href":"https:\/\/clubalianzasullana.com\/index.php?rest_route=\/wp\/v2\/posts\/2399\/revisions\/2407"}],"wp:featuredmedia":[{"embeddable":true,"href":"https:\/\/clubalianzasullana.com\/index.php?rest_route=\/wp\/v2\/media\/2402"}],"wp:attachment":[{"href":"https:\/\/clubalianzasullana.com\/index.php?rest_route=%2Fwp%2Fv2%2Fmedia&parent=2399"}],"wp:term":[{"taxonomy":"category","embeddable":true,"href":"https:\/\/clubalianzasullana.com\/index.php?rest_route=%2Fwp%2Fv2%2Fcategories&post=2399"},{"taxonomy":"post_tag","embeddable":true,"href":"https:\/\/clubalianzasullana.com\/index.php?rest_route=%2Fwp%2Fv2%2Ftags&post=2399"}],"curies":[{"name":"wp","href":"https:\/\/api.w.org\/{rel}","templated":true}]}}