{"id":2409,"date":"2026-02-16T23:20:52","date_gmt":"2026-02-16T23:20:52","guid":{"rendered":"https:\/\/clubalianzasullana.com\/?p=2409"},"modified":"2026-02-18T17:54:38","modified_gmt":"2026-02-18T17:54:38","slug":"acreditacion-conmebol-sudamericana-aas-vs-dg","status":"publish","type":"post","link":"https:\/\/clubalianzasullana.com\/?p=2409","title":{"rendered":"ACREDITACION CONMEBOL SUDAMERICANA: ALIANZA ATL\u00c9TICO DE SULLANA VS DEPORTIVO GARCILASO"},"content":{"rendered":"\n<p class=\"has-medium-font-size wp-block-paragraph\"><strong><em>ACREDITACIONES CONMEBOL SUDAMERICANA<\/em><\/strong><\/p>\n\n\n\n<p class=\"wp-block-paragraph\">Iniciamos el proceso de acreditaci\u00f3n para los medios de comunicaci\u00f3n, correspondiente al encuentro de Fase Preliminar de CONMEBOL Sudamericana, Alianza Atletico de Sullana (PER) vs Deportivo Garcilaso (PER), programado para el martes 03 de marzo a las 09:00 pm (hora local) en el estadio IPD Mansiche de Trujillo.<br>*Debido a la demanda de diversos miembros de prensa, llenar la solicitud para el proceso <strong>NO GARANTIZA SU ACREDITACI\u00d3N.<\/strong><\/p>\n\n\n\n<figure class=\"wp-block-image size-large\"><img fetchpriority=\"high\" fetchpriority=\"high\" decoding=\"async\" width=\"1024\" height=\"819\" src=\"https:\/\/clubalianzasullana.com\/wp-content\/uploads\/2026\/02\/FLYERPRE4.jpg-1024x819.jpeg\" alt=\"\" class=\"wp-image-2427\" srcset=\"https:\/\/clubalianzasullana.com\/wp-content\/uploads\/2026\/02\/FLYERPRE4.jpg-1024x819.jpeg 1024w, https:\/\/clubalianzasullana.com\/wp-content\/uploads\/2026\/02\/FLYERPRE4.jpg-300x240.jpeg 300w, https:\/\/clubalianzasullana.com\/wp-content\/uploads\/2026\/02\/FLYERPRE4.jpg-768x614.jpeg 768w, https:\/\/clubalianzasullana.com\/wp-content\/uploads\/2026\/02\/FLYERPRE4.jpg.jpeg 1350w\" sizes=\"(max-width: 1024px) 100vw, 1024px\" \/><\/figure>\n\n\n\n<p class=\"wp-block-paragraph\"><strong>CANTIDAD POR TIPO DE MEDIO<\/strong><br><strong><br>Prensa escrita<\/strong>&nbsp;(peri\u00f3dicos, sitios webs, bloggers, otros):&nbsp;<strong>m\u00e1ximo <\/strong>2&nbsp;profesionales por medio.<br><strong>TV sin derechos<\/strong>:&nbsp;<strong>M\u00e1ximo 2&nbsp;<\/strong>profesionales por medio.<br><em>Ubicaci\u00f3n: Tribuna Occidente<\/em><br><br><strong><em>Radios:<\/em><\/strong><br><strong>Radios con transmisi\u00f3n en vivo<\/strong>:&nbsp;<strong>M\u00e1ximo 2&nbsp;<\/strong>profesionales por medio. <br><strong>Radios sin transmisi\u00f3n en vivo<\/strong>:&nbsp;<strong>M\u00e1ximo 1<\/strong>&nbsp;profesional por medio.<br><em>Ubicaci\u00f3n: Tribuna Occidente<\/em><br><br><strong><em>Fot\u00f3grafos:<\/em><\/strong><br><strong>30 profesionales EN TOTAL<\/strong>&nbsp;como m\u00e1ximo.&nbsp;<br><strong>Un profesional por medio&nbsp;<\/strong>como m\u00e1ximo.<br><em>Ubicaci\u00f3n: Campo.<\/em><\/p>\n\n\n\n<p class=\"wp-block-paragraph\"><strong>CAPACIDAD TOTAL:&nbsp;<br>30<\/strong>&nbsp;FOT\u00d3GRAFOS EN CAMPO<br><strong>30<\/strong>&nbsp;PERIODISTAS EN TRIBUNA&nbsp;<br><strong><em>*AFORO LIMITADO<\/em><\/strong><\/p>\n\n\n\n<p class=\"wp-block-paragraph\"><em>LINK DE FORMULARIO:<\/em> <a href=\"https:\/\/forms.office.com\/r\/DrNj5PAmba\" target=\"_blank\" rel=\"noopener\">ACREDITACI\u00d3N DE PRENSA\u00a0&#8211; Copa Sudamericana<\/a><\/p>\n\n\n\n<p class=\"wp-block-paragraph\">El proceso estar\u00e1 vigente hasta el d\u00eda jueves 26 del presente mes a las 12.00 pm.<br>La confirmaci\u00f3n de la acreditaci\u00f3n y el horario de ingreso al estadio se dar\u00e1 \u00fanicamente v\u00eda correo electr\u00f3nico el mismo d\u00eda, a las 4:00 pm.<br>En caso de no recibir el mismo, quiere decir que su acreditaci\u00f3n no ha sido aprobada.<\/p>\n\n\n\n<p class=\"wp-block-paragraph\"><strong>IMPORTANTE:<\/strong><\/p>\n\n\n\n<ul class=\"wp-block-list\">\n<li>Filmaciones, grabaciones de videos dentro del estadio (es decir, a partir del anillo\/per\u00edmetro de seguridad) son permitidas solamente a los TITULARES DE DERECHO del Torneo. Todos los dem\u00e1s medios No Titulares de Derechos solo pueden GRABAR videos en Zona Mixta y Conferencia de Prensa de acuerdo con el Manual de clubes:<br><a href=\"https:\/\/www.conmebol.com\/documentos\/nrh-manual-de-clubes-conmebol-sudamericana-2026\/\" target=\"_blank\" rel=\"noopener\">https:\/\/www.conmebol.com\/documentos\/nrh-manual-de-clubes-conmebol-sudamericana-2026\/<\/a><\/li>\n<\/ul>\n","protected":false},"excerpt":{"rendered":"<p>Alianza Atl\u00e9tico de Sullana anuncia el proceso de acreditaci\u00f3n para el duelo que afrontar\u00e1 por la Fase Preliminar de la CONMEBOL SUDAMERICANA 2026.<\/p>\n","protected":false},"author":1,"featured_media":2410,"comment_status":"open","ping_status":"open","sticky":false,"template":"","format":"standard","meta":{"_acf_changed":false,"footnotes":""},"categories":[4],"tags":[11,10,9],"class_list":["post-2409","post","type-post","status-publish","format-standard","has-post-thumbnail","hentry","category-destacadossullana","tag-conmebol","tag-copa","tag-sudamericana"],"acf":[],"_links":{"self":[{"href":"https:\/\/clubalianzasullana.com\/index.php?rest_route=\/wp\/v2\/posts\/2409","targetHints":{"allow":["GET"]}}],"collection":[{"href":"https:\/\/clubalianzasullana.com\/index.php?rest_route=\/wp\/v2\/posts"}],"about":[{"href":"https:\/\/clubalianzasullana.com\/index.php?rest_route=\/wp\/v2\/types\/post"}],"author":[{"embeddable":true,"href":"https:\/\/clubalianzasullana.com\/index.php?rest_route=\/wp\/v2\/users\/1"}],"replies":[{"embeddable":true,"href":"https:\/\/clubalianzasullana.com\/index.php?rest_route=%2Fwp%2Fv2%2Fcomments&post=2409"}],"version-history":[{"count":6,"href":"https:\/\/clubalianzasullana.com\/index.php?rest_route=\/wp\/v2\/posts\/2409\/revisions"}],"predecessor-version":[{"id":2431,"href":"https:\/\/clubalianzasullana.com\/index.php?rest_route=\/wp\/v2\/posts\/2409\/revisions\/2431"}],"wp:featuredmedia":[{"embeddable":true,"href":"https:\/\/clubalianzasullana.com\/index.php?rest_route=\/wp\/v2\/media\/2410"}],"wp:attachment":[{"href":"https:\/\/clubalianzasullana.com\/index.php?rest_route=%2Fwp%2Fv2%2Fmedia&parent=2409"}],"wp:term":[{"taxonomy":"category","embeddable":true,"href":"https:\/\/clubalianzasullana.com\/index.php?rest_route=%2Fwp%2Fv2%2Fcategories&post=2409"},{"taxonomy":"post_tag","embeddable":true,"href":"https:\/\/clubalianzasullana.com\/index.php?rest_route=%2Fwp%2Fv2%2Ftags&post=2409"}],"curies":[{"name":"wp","href":"https:\/\/api.w.org\/{rel}","templated":true}]}}