{"id":2515,"date":"2026-08-30T17:34:34","date_gmt":"2026-08-30T17:34:34","guid":{"rendered":"https:\/\/clubalianzasullana.com\/?p=2515"},"modified":"2026-08-31T17:49:34","modified_gmt":"2026-08-31T17:49:34","slug":"vendaval-sin-freno","status":"publish","type":"post","link":"https:\/\/clubalianzasullana.com\/?p=2515","title":{"rendered":"VENDAVAL SIN FRENO"},"content":{"rendered":"\n<p class=\"wp-block-paragraph\"><strong>Sullana, 30 de agosto de 2026.<\/strong> \u2014 Alianza Atl\u00e9tico de Sullana volvi\u00f3 a demostrar su contundencia en el Torneo Clausura y consigui\u00f3 una importante victoria por <strong>4-1 ante CD Moquegua<\/strong>, en el Estadio 25 de Noviembre, por la s\u00e9ptima jornada del campeonato.<\/p>\n\n\n\n<p class=\"wp-block-paragraph\">El conjunto local tom\u00f3 la ventaja a los 20 minutos, pero el Vendaval reaccion\u00f3 r\u00e1pidamente. A los 24\u2019, <strong>Jairo Molina<\/strong> apareci\u00f3 dentro del \u00e1rea para marcar el empate y devolverle la tranquilidad al equipo sullanense.<\/p>\n\n\n\n<figure class=\"wp-block-image size-large is-resized\"><img fetchpriority=\"high\" fetchpriority=\"high\" decoding=\"async\" width=\"819\" height=\"1024\" src=\"https:\/\/clubalianzasullana.com\/wp-content\/uploads\/2026\/08\/WhatsApp-Image-2026-08-30-at-2.45.52-PM-819x1024.jpeg\" alt=\"\" class=\"wp-image-2517\" style=\"aspect-ratio:0.7998330202462951;width:320px;height:auto\" srcset=\"https:\/\/clubalianzasullana.com\/wp-content\/uploads\/2026\/08\/WhatsApp-Image-2026-08-30-at-2.45.52-PM-819x1024.jpeg 819w, https:\/\/clubalianzasullana.com\/wp-content\/uploads\/2026\/08\/WhatsApp-Image-2026-08-30-at-2.45.52-PM-240x300.jpeg 240w, https:\/\/clubalianzasullana.com\/wp-content\/uploads\/2026\/08\/WhatsApp-Image-2026-08-30-at-2.45.52-PM-768x960.jpeg 768w, https:\/\/clubalianzasullana.com\/wp-content\/uploads\/2026\/08\/WhatsApp-Image-2026-08-30-at-2.45.52-PM-1229x1536.jpeg 1229w, https:\/\/clubalianzasullana.com\/wp-content\/uploads\/2026\/08\/WhatsApp-Image-2026-08-30-at-2.45.52-PM.jpeg 1232w\" sizes=\"(max-width: 819px) 100vw, 819px\" \/><\/figure>\n\n\n\n<p class=\"wp-block-paragraph\">En el segundo tiempo, Alianza Atl\u00e9tico sali\u00f3 decidido a darle vuelta al marcador. A los 56 minutos, <strong>Jos\u00e9 Luj\u00e1n<\/strong> convirti\u00f3 el segundo tanto tras un potente remate, colocando al Vendaval por delante.<\/p>\n\n\n\n<p class=\"wp-block-paragraph\">La ofensiva churre continu\u00f3 imponi\u00e9ndose y, apenas cuatro minutos despu\u00e9s, <strong>Cristian Penilla<\/strong> ampli\u00f3 la ventaja para establecer el 3-1.<\/p>\n\n\n\n<p class=\"wp-block-paragraph\">Alianza Atl\u00e9tico control\u00f3 las acciones durante el tramo final del encuentro y encontr\u00f3 el cuarto gol en los descuentos. <strong>Jorge del Castillo<\/strong>, a los 90 minutos, apareci\u00f3 para sellar la goleada y desatar la celebraci\u00f3n del conjunto sullanense.<\/p>\n\n\n\n<p class=\"wp-block-paragraph\">Con este resultado, el Vendaval <strong>sum\u00f3 13 puntos en el Torneo Clausura<\/strong> y se mantiene entre los primeros lugares de la clasificaci\u00f3n, reafirmando su buen momento competitivo.<\/p>\n\n\n\n<p class=\"wp-block-paragraph\">Alianza Atl\u00e9tico contin\u00faa trabajando con la mirada puesta en sus pr\u00f3ximos compromisos, con el objetivo de seguir representando con orgullo a nuestra provincia.<\/p>\n\n\n\n<figure class=\"wp-block-embed is-type-rich is-provider-x wp-block-embed-x\"><div class=\"wp-block-embed__wrapper\">\n<blockquote class=\"twitter-tweet\" data-width=\"500\" data-dnt=\"true\"><p lang=\"es\" dir=\"ltr\">\ud835\uddec\ud835\uddd4 \ud835\uddd8\ud835\udde6 \ud835\uddda\ud835\udde2\ud835\udddf\ud835\uddd8\ud835\uddd4\ud835\uddd7\ud835\uddd4 \ud83c\udf2a\ufe0f\ud83d\udd25<br><br>Jorge del Castillo pone el cuarto y el Vendaval ya golea en Moquegua. \ud83d\udc99\u26bd<a href=\"https:\/\/x.com\/hashtag\/CDMoquegua?src=hash&amp;ref_src=twsrc%5Etfw\">#CDMoquegua<\/a> 1\ufe0f\u20e3-4\ufe0f\u20e3 <a href=\"https:\/\/x.com\/hashtag\/AlianzaSullana?src=hash&amp;ref_src=twsrc%5Etfw\">#AlianzaSullana<\/a><br><br>\ud83d\udcfa M\u00edralo por: L1MAX<a href=\"https:\/\/x.com\/hashtag\/VamosVendaval?src=hash&amp;ref_src=twsrc%5Etfw\">#VamosVendaval<\/a> | <a href=\"https:\/\/x.com\/hashtag\/OrgulloDeLaRegi%C3%B3n?src=hash&amp;ref_src=twsrc%5Etfw\">#OrgulloDeLaRegi\u00f3n<\/a> <a href=\"https:\/\/t.co\/Z00qDYvnuT\">pic.twitter.com\/Z00qDYvnuT<\/a><\/p>&mdash; Alianza Atletico de Sullana (@alianzasullana_) <a href=\"https:\/\/x.com\/alianzasullana_\/status\/2094123705613844900?ref_src=twsrc%5Etfw\">August 30, 2026<\/a><\/blockquote><script async src=\"https:\/\/platform.x.com\/widgets.js\" charset=\"utf-8\"><\/script>\n<\/div><\/figure>\n\n\n\n<p class=\"wp-block-paragraph\"><strong>PROXIMA FECHA:<\/strong><br>El Vendaval volver\u00e1 a la acci\u00f3n por la <strong>fecha 8 del Torneo Clausura<\/strong>, cuando reciba a <strong>UTC de Cajamarca<\/strong>.<\/p>\n\n\n\n<p class=\"wp-block-paragraph\">\ud83d\udcc5 <strong>Viernes 4 de septiembre<\/strong><br>\u23f0 <strong>3:15 p. m.<\/strong><br>\ud83c\udfdf\ufe0f <strong>Estadio Campeones del 36 \u2013 Sullana<\/strong><\/p>\n\n\n\n<p class=\"wp-block-paragraph\"><\/p>\n","protected":false},"excerpt":{"rendered":"<p>Alianza Atl\u00e9tico se impuso 4-1 a CD Moquegua y contin\u00faa firme en la pelea por los primeros lugares.<\/p>\n","protected":false},"author":1,"featured_media":2516,"comment_status":"open","ping_status":"open","sticky":false,"template":"","format":"standard","meta":{"_acf_changed":false,"footnotes":""},"categories":[4],"tags":[],"class_list":["post-2515","post","type-post","status-publish","format-standard","has-post-thumbnail","hentry","category-destacadossullana"],"acf":[],"_links":{"self":[{"href":"https:\/\/clubalianzasullana.com\/index.php?rest_route=\/wp\/v2\/posts\/2515","targetHints":{"allow":["GET"]}}],"collection":[{"href":"https:\/\/clubalianzasullana.com\/index.php?rest_route=\/wp\/v2\/posts"}],"about":[{"href":"https:\/\/clubalianzasullana.com\/index.php?rest_route=\/wp\/v2\/types\/post"}],"author":[{"embeddable":true,"href":"https:\/\/clubalianzasullana.com\/index.php?rest_route=\/wp\/v2\/users\/1"}],"replies":[{"embeddable":true,"href":"https:\/\/clubalianzasullana.com\/index.php?rest_route=%2Fwp%2Fv2%2Fcomments&post=2515"}],"version-history":[{"count":1,"href":"https:\/\/clubalianzasullana.com\/index.php?rest_route=\/wp\/v2\/posts\/2515\/revisions"}],"predecessor-version":[{"id":2518,"href":"https:\/\/clubalianzasullana.com\/index.php?rest_route=\/wp\/v2\/posts\/2515\/revisions\/2518"}],"wp:featuredmedia":[{"embeddable":true,"href":"https:\/\/clubalianzasullana.com\/index.php?rest_route=\/wp\/v2\/media\/2516"}],"wp:attachment":[{"href":"https:\/\/clubalianzasullana.com\/index.php?rest_route=%2Fwp%2Fv2%2Fmedia&parent=2515"}],"wp:term":[{"taxonomy":"category","embeddable":true,"href":"https:\/\/clubalianzasullana.com\/index.php?rest_route=%2Fwp%2Fv2%2Fcategories&post=2515"},{"taxonomy":"post_tag","embeddable":true,"href":"https:\/\/clubalianzasullana.com\/index.php?rest_route=%2Fwp%2Fv2%2Ftags&post=2515"}],"curies":[{"name":"wp","href":"https:\/\/api.w.org\/{rel}","templated":true}]}}